{"id":7076,"date":"2025-02-17T15:11:53","date_gmt":"2025-02-17T18:11:53","guid":{"rendered":"https:\/\/grupomodulos.com.br\/centraldeajuda\/?p=7076"},"modified":"2025-03-05T12:23:35","modified_gmt":"2025-03-05T15:23:35","slug":"mit-modulo-de-inclusao-de-tributos-20-perguntas-essenciais","status":"publish","type":"post","link":"https:\/\/grupomodulos.com.br\/centraldeajuda\/mit-modulo-de-inclusao-de-tributos-20-perguntas-essenciais\/","title":{"rendered":"MIT (M\u00f3dulo de Inclus\u00e3o de Tributos): Perguntas Essenciais"},"content":{"rendered":"\n<p>Com o objetivo de aprimorar nossos servi\u00e7os e oferecer solu\u00e7\u00f5es mais eficientes para nossos clientes e parceiros, elaboramos um material completo sobre o MIT: <strong>MIT (M\u00f3dulo de Inclus\u00e3o de Tributos): Perguntas Essenciais <\/strong><\/p>\n\n\n\n<h3 class=\"wp-block-heading\">O sistema da M\u00f3dulos j\u00e1 est\u00e1 preparado para o MIT?<\/h3>\n\n\n\n<p><strong>Sim<\/strong>! A partir da vers\u00e3o 02.758, nosso sistema j\u00e1 est\u00e1 preparado para gera\u00e7\u00e3o do arquivo MIT (.JSON)<\/p>\n\n\n\n<h3 class=\"wp-block-heading\">Em qual m\u00f3dulo a emiss\u00e3o do MIT estar\u00e1 dispon\u00edvel?<\/h3>\n\n\n\n<p>O <strong>MIT<\/strong> reunir\u00e1 informa\u00e7\u00f5es sobre <strong>PIS, COFINS, IRPJ, CSLL, IPI, RET<\/strong> e outros tributos relacionados \u00e0 <strong>Escrita Fiscal<\/strong>.<\/p>\n\n\n\n<p>\ud83d\udca1 <strong>Por isso, a gera\u00e7\u00e3o do arquivo do MIT ser\u00e1 feita no m\u00f3dulo de Escrita Fiscal.<\/strong><\/p>\n\n\n\n<h3 class=\"wp-block-heading\">O MIT substituir\u00e1 a DCTF Mensal?<\/h3>\n\n\n\n<p>\u2705 <strong>Sim, a partir da compet\u00eancia de janeiro de 2025, o MIT substituir\u00e1 a DCTF Mensal.<\/strong><\/p>\n\n\n\n<p>\ud83d\udccc <strong>Importante:<\/strong><br>\ud83d\udd39 As informa\u00e7\u00f5es dos per\u00edodos de <strong>novembro e dezembro de 2024<\/strong> ainda devem ser enviadas pela <strong>DCTF Mensal<\/strong>, conforme detalhado na tabela abaixo.<\/p>\n\n\n\n<figure class=\"wp-block-image size-full is-resized\"><img loading=\"lazy\" decoding=\"async\" width=\"663\" height=\"119\" src=\"https:\/\/grupomodulos.com.br\/centraldeajuda\/wp-content\/uploads\/2025\/02\/image-7.png\" alt=\"\" class=\"wp-image-7079\" style=\"width:802px;height:auto\" srcset=\"https:\/\/grupomodulos.com.br\/centraldeajuda\/wp-content\/uploads\/2025\/02\/image-7.png 663w, https:\/\/grupomodulos.com.br\/centraldeajuda\/wp-content\/uploads\/2025\/02\/image-7-300x54.png 300w, https:\/\/grupomodulos.com.br\/centraldeajuda\/wp-content\/uploads\/2025\/02\/image-7-18x3.png 18w\" sizes=\"auto, (max-width: 663px) 100vw, 663px\" \/><\/figure>\n\n\n\n<h3 class=\"wp-block-heading\">Quais empresas devem enviar o MIT?<\/h3>\n\n\n\n<p>O <strong>MIT substitui a DCTF Mensal (PGD)<\/strong>, ent\u00e3o todas as empresas que antes eram obrigadas a enviar a <strong>DCTF Mensal (PGD)<\/strong> agora devem apresentar o <strong>MIT<\/strong>.<\/p>\n\n\n\n<p>\ud83d\udccc <strong>Quem deve enviar?<\/strong><br>\ud83d\udd39 Empresas com d\u00e9bitos de <strong>PIS, COFINS, IRPJ, CSLL, IPI, CIDE, RET ou IOF<\/strong>.<\/p>\n\n\n\n<h3 class=\"wp-block-heading\">Empresas Simples Nacional, o MIT \u00e9 obrigat\u00f3rio?<\/h3>\n\n\n\n<p>A maioria das empresas do <strong>Simples Nacional<\/strong> <strong>n\u00e3o<\/strong> precisa enviar o <strong>MIT<\/strong>, pois seus tributos federais s\u00e3o pagos pelo <strong>DAS (Documento de Arrecada\u00e7\u00e3o do Simples Nacional)<\/strong>.<\/p>\n\n\n\n<p>No entanto, existem exce\u00e7\u00f5es como \u00e9 o caso de empresas que recolhem tributos como <strong>IOF<\/strong> ou <strong>PIS\/COFINS Monof\u00e1sico<\/strong> separadamente do DAS dentre outros casos.<\/p>\n\n\n\n<h3 class=\"wp-block-heading\">Com a chegada do MIT, o envio do eSocial e da EFD-Reinf deixa de ser obrigat\u00f3rio?<\/h3>\n\n\n\n<p>\u274c <strong>N\u00e3o.<\/strong> O envio do <strong>eSocial<\/strong> e da <strong>EFD-Reinf<\/strong> continua normalmente.<\/p>\n\n\n\n<p>O <strong>MIT<\/strong> servir\u00e1 apenas para substituir as informa\u00e7\u00f5es que antes eram declaradas na <strong>DCTF Mensal (PGD)<\/strong>. Agora, a <strong>DCTFWeb<\/strong> ser\u00e1 alimentada pelos seguintes sistemas:<br><br>\u2714 <strong>eSocial<\/strong><br>\u2714 <strong>EFD-Reinf<\/strong><br>\u2714 <strong>MIT<\/strong><\/p>\n\n\n\n<h3 class=\"wp-block-heading\">O MIT alterou os prazos do eSocial, EFD-Reinf e DCTFWeb?<\/h3>\n\n\n\n<p>\u2705 <strong>Sim, houve mudan\u00e7a no prazo da DCTFWeb:<\/strong> a entrega, que antes era at\u00e9 o <strong>15\u00ba dia do m\u00eas seguinte<\/strong>, agora foi estendida para o <strong>\u00faltimo dia \u00fatil do m\u00eas subsequente<\/strong>.<\/p>\n\n\n\n<p>\ud83d\udccc <strong>Exce\u00e7\u00e3o:<\/strong> A compet\u00eancia de <strong>janeiro de 2025<\/strong> poder\u00e1 ser entregue at\u00e9 <strong>31\/03\/2025<\/strong>.<\/p>\n\n\n\n<p>\u274c <strong>N\u00e3o houve altera\u00e7\u00f5es nos prazos do eSocial e da EFD-Reinf<\/strong>, que continuam sendo enviados at\u00e9 o <strong>15\u00ba dia do m\u00eas subsequente<\/strong>.<\/p>\n\n\n\n<h3 class=\"wp-block-heading\">O MIT alterou a data de vencimento dos tributos?<\/h3>\n\n\n\n<p>\u274c <strong>N\u00e3o.<\/strong> As datas de vencimento dos tributos permanecem exatamente as mesmas.<\/p>\n\n\n\n<p>No entanto, com a inclus\u00e3o do <strong>MIT<\/strong> na <strong>DCTFWeb<\/strong>, um mesmo contribuinte poder\u00e1 ter <strong>at\u00e9 tr\u00eas datas de vencimento diferentes<\/strong> dentro da mesma declara\u00e7\u00e3o, como <strong>dias 20, 25 e 30<\/strong>.<\/p>\n\n\n\n<p>Para facilitar esse processo, a <strong>DCTFWeb ser\u00e1 ajustada<\/strong>, permitindo a emiss\u00e3o do <strong>DARF<\/strong> antes do fechamento da declara\u00e7\u00e3o.<\/p>\n\n\n\n<h3 class=\"wp-block-heading\">\u00c9 poss\u00edvel emitir DARFs (SICALCWeb) atrav\u00e9s do sistema de Escrita Fiscal da M\u00f3dulos?<\/h3>\n\n\n\n<p>\u2705 <strong>Sim.<\/strong> A emiss\u00e3o do <strong>DARF<\/strong> pode ser feita na tela espec\u00edfica, clicando no <strong>\u00edcone do globo<\/strong>, que redireciona para o <strong>SICALC Web<\/strong>. Mas, com a entrada do MIT, \u00e9 recomend\u00e1vel emitir as guias no pr\u00f3prio <strong>eCAC<\/strong>, por l\u00e1 ser\u00e1 poss\u00edvel emitir <strong>DARFs separadamente<\/strong>, permitindo a sele\u00e7\u00e3o dos d\u00e9bitos desejados.<\/p>\n\n\n\n<h3 class=\"wp-block-heading\">O DARF pode ser emitido de forma individual ou apenas unificada?<\/h3>\n\n\n\n<p>\u2705 <strong>Ambas as op\u00e7\u00f5es est\u00e3o dispon\u00edveis.<\/strong><\/p>\n\n\n\n<p>Se houver tributos com diferentes datas de vencimento (<strong>20, 25 ou 30, por exemplo<\/strong>), na <strong>DCTFWeb<\/strong> ser\u00e1 poss\u00edvel:<br>\ud83d\udd39 Emitir <strong>DARFs individuais<\/strong>, separando os d\u00e9bitos conforme a data de vencimento de cada tributo.<br>\ud83d\udd39 Emitir um <strong>\u00fanico DARF unificado<\/strong>, incluindo todos os d\u00e9bitos. Nesse caso, a guia assumir\u00e1 a <strong>data de vencimento do tributo mais pr\u00f3ximo<\/strong>.<\/p>\n\n\n\n<h3 class=\"wp-block-heading\">Como ser\u00e1 a emiss\u00e3o do DARF para quotas de IRPJ e CSLL?<\/h3>\n\n\n\n<p>A partir de <strong>janeiro de 2025<\/strong>, o <strong>DARF<\/strong> dever\u00e1 ser emitido em <strong>quotas<\/strong> diretamente na <strong>DCTFWeb<\/strong>, ap\u00f3s o envio do <strong>MIT<\/strong>. Ou seja, ao contr\u00e1rio da DCTF (PGD), <strong>a sele\u00e7\u00e3o de quotas agora \u00e9 realizada diretamente na DCTFWeb.<\/strong> Dessa forma, o valor total do trimestre ser\u00e1 registrado integralmente e poder\u00e1 ser fracionado em quotas dentro da pr\u00f3pria DCTFWeb.<\/p>\n\n\n\n<p>O contribuinte ter\u00e1 as seguintes op\u00e7\u00f5es:<br>\ud83d\udd39 Emitir um <strong>DARF normal<\/strong> (pagamento integral).<br>\ud83d\udd39 Emitir o <strong>DARF em quotas<\/strong>, conforme a apura\u00e7\u00e3o.<\/p>\n\n\n\n<figure class=\"wp-block-image size-full\"><img loading=\"lazy\" decoding=\"async\" width=\"886\" height=\"282\" src=\"https:\/\/grupomodulos.com.br\/centraldeajuda\/wp-content\/uploads\/2025\/02\/image-10.png\" alt=\"\" class=\"wp-image-7098\" srcset=\"https:\/\/grupomodulos.com.br\/centraldeajuda\/wp-content\/uploads\/2025\/02\/image-10.png 886w, https:\/\/grupomodulos.com.br\/centraldeajuda\/wp-content\/uploads\/2025\/02\/image-10-300x95.png 300w, https:\/\/grupomodulos.com.br\/centraldeajuda\/wp-content\/uploads\/2025\/02\/image-10-768x244.png 768w, https:\/\/grupomodulos.com.br\/centraldeajuda\/wp-content\/uploads\/2025\/02\/image-10-18x6.png 18w, https:\/\/grupomodulos.com.br\/centraldeajuda\/wp-content\/uploads\/2025\/02\/image-10-720x229.png 720w\" sizes=\"auto, (max-width: 886px) 100vw, 886px\" \/><\/figure>\n\n\n\n<p>\ud83d\udca1 <strong>Importante:<\/strong> Diferente do que ocorria na <strong>DCTF Mensal (PGD)<\/strong>, n\u00e3o ser\u00e1 mais necess\u00e1rio informar o pagamento desses DARFs, pois a <strong>Receita Federal do Brasil (RFB) reconhecer\u00e1 os pagamentos automaticamente<\/strong>.<\/p>\n\n\n\n<h3 class=\"wp-block-heading\">Preciso manter a DCTFWeb aberta para emitir ou reemitir o DARF?<\/h3>\n\n\n\n<p>\u274c <strong>N\u00e3o \u00e9 necess\u00e1rio.<\/strong><\/p>\n\n\n\n<p>A <strong>DCTFWeb<\/strong> agora permite a emiss\u00e3o do <strong>DARF antes do fechamento<\/strong>, facilitando o pagamento de tributos com vencimento antes do dia <strong>25<\/strong>.<\/p>\n\n\n\n<p>No entanto, <strong>isso n\u00e3o impede a emiss\u00e3o do DARF ap\u00f3s o fechamento<\/strong>. Ou seja, se precisar <strong>reemitir<\/strong> um <strong>DARF<\/strong>, <strong>n\u00e3o ser\u00e1 necess\u00e1rio reabrir a DCTFWeb<\/strong>.<\/p>\n\n\n\n<h3 class=\"wp-block-heading\">Como ser\u00e1 o envio do IRPJ e CSLL trimestrais (Lucro Real ou Presumido)?<\/h3>\n\n\n\n<p>O envio seguir\u00e1 o mesmo formato da <strong>DCTF Mensal<\/strong>, ou seja, as informa\u00e7\u00f5es do <strong>IRPJ<\/strong> e <strong>CSLL trimestrais<\/strong> ser\u00e3o declaradas <strong>apenas no \u00faltimo m\u00eas de cada trimestre<\/strong>.<\/p>\n\n\n\n<p>\ud83d\udcc5 Isso significa que os dados ser\u00e3o informados nas seguintes compet\u00eancias:<br><br>\u2705 <strong>Mar\u00e7o<\/strong><br>\u2705 <strong>Junho<\/strong><br>\u2705 <strong>Setembro<\/strong><br>\u2705 <strong>Dezembro<\/strong><\/p>\n\n\n\n<h3 class=\"wp-block-heading\">O prazo de entrega do MIT + DCTFWeb segue o mesmo da DCTF Mensal (PGD)?<\/h3>\n\n\n\n<p>\u274c <strong>N\u00e3o. Houve mudan\u00e7a nos prazos.<\/strong><\/p>\n\n\n\n<p>Na <strong>DCTF Mensal (PGD)<\/strong>, o envio era feito at\u00e9 o <strong>segundo m\u00eas seguinte<\/strong> \u00e0 compet\u00eancia. J\u00e1 no <strong>MIT + DCTFWeb<\/strong>, o prazo \u00e9 at\u00e9 o <strong>\u00faltimo dia \u00fatil do m\u00eas subsequente<\/strong>.<\/p>\n\n\n\n<p>\ud83d\udccc <strong>Exce\u00e7\u00e3o:<\/strong> De forma excepcional, o envio do <strong>MIT + DCTFWeb da compet\u00eancia de janeiro\/2025<\/strong> foi prorrogado para <strong>31\/03\/2025<\/strong>.<\/p>\n\n\n\n<p>\ud83d\udcc5 <strong>A partir de fevereiro\/2025, volta a regra normal:<\/strong><br>\u2705 <strong>MIT + DCTFWeb devem ser enviados at\u00e9 o \u00faltimo dia \u00fatil do m\u00eas seguinte \u00e0 compet\u00eancia.<\/strong><\/p>\n\n\n\n<p>\u26a0 <strong>Aten\u00e7\u00e3o:<\/strong> Como a compet\u00eancia de <strong>janeiro\/2025<\/strong> foi prorrogada, at\u00e9 o dia <strong>31\/03\/2025<\/strong> ser\u00e1 necess\u00e1rio transmitir <strong>duas declara\u00e7\u00f5es<\/strong>:<br>\ud83d\udd39 <strong>Janeiro\/2025<\/strong> (prazo prorrogado).<br>\ud83d\udd39 <strong>Fevereiro\/2025<\/strong> (prazo normal).<\/p>\n\n\n\n<h3 class=\"wp-block-heading\">As guias devem ser emitidas no SICALCWeb ou na DCTFWeb?<\/h3>\n\n\n\n<p>\ud83d\udca1 <strong>Recomenda\u00e7\u00e3o do manual do MIT:<\/strong><\/p>\n\n\n\n<p>\u2705 <strong>Passo a passo sugerido:<\/strong><br><br>1\ufe0f\u20e3 <strong>Enviar o MIT<\/strong>, que alimenta os d\u00e9bitos na <strong>DCTFWeb<\/strong>.<br>2\ufe0f\u20e3 <strong>Gerar o DARF diretamente na DCTFWeb<\/strong>.<br>3\ufe0f\u20e3 <strong>Ap\u00f3s o pagamento<\/strong>, o sistema da <strong>Receita Federal (RFB) reconhece automaticamente os valores<\/strong>, eliminando a necessidade de informar manualmente os pagamentos, como era exigido na <strong>DCTF Mensal (PGD)<\/strong>.<\/p>\n\n\n\n<p>\u26a0 Aten\u00e7\u00e3o: Alguns contribuintes realizaram pagamentos pelo SICALCWeb antes da libera\u00e7\u00e3o do MIT. Em teoria, se esses pagamentos foram recolhidos com os mesmos c\u00f3digos de recolhimentos apresentados no MIT, ele dever\u00e1 reconhec\u00ea-los. No entanto, recomenda-se acompanhar essa atualiza\u00e7\u00e3o diretamente no pr\u00f3prio MIT para garantir a correta identifica\u00e7\u00e3o.<\/p>\n\n\n\n<h3 class=\"wp-block-heading\">O MIT trouxe mudan\u00e7as no EFD ICMS IPI ou no EFD Contribui\u00e7\u00f5es?<\/h3>\n\n\n\n<p>\u274c <strong>N\u00e3o, as regras do EFD ICMS IPI e do EFD Contribui\u00e7\u00f5es permanecem as mesmas.<\/strong><\/p>\n\n\n\n<p>\ud83d\udd39 As <strong>obriga\u00e7\u00f5es acess\u00f3rias<\/strong> continuam exigindo o envio das informa\u00e7\u00f5es sobre a <strong>apura\u00e7\u00e3o do IPI, PIS e COFINS<\/strong>.<br>\ud83d\udd39 A \u00fanica mudan\u00e7a \u00e9 que, <strong>a partir de agora, a confiss\u00e3o dessas d\u00edvidas ser\u00e1 feita pelo MIT e pela DCTFWeb<\/strong>, <strong>substituindo a DCTF Mensal (PGD)<\/strong>.<\/p>\n\n\n\n<figure class=\"wp-block-embed is-type-video is-provider-youtube wp-block-embed-youtube wp-embed-aspect-16-9 wp-has-aspect-ratio\"><div class=\"wp-block-embed__wrapper\">\n<iframe loading=\"lazy\" title=\"M\u00f3dulo de Inclus\u00e3o de Tributos - MIT no sistema Grupo M\u00f3dulos\" width=\"500\" height=\"281\" src=\"https:\/\/www.youtube.com\/embed\/0kGzg0jfv4Y?feature=oembed\" frameborder=\"0\" allow=\"accelerometer; autoplay; clipboard-write; encrypted-media; gyroscope; picture-in-picture; web-share\" referrerpolicy=\"strict-origin-when-cross-origin\" allowfullscreen><\/iframe>\n<\/div><\/figure>\n","protected":false},"excerpt":{"rendered":"<p>Com o objetivo de aprimorar nossos servi\u00e7os e oferecer solu\u00e7\u00f5es mais eficientes para nossos clientes e parceiros, elaboramos um material completo sobre o MIT: MIT (M\u00f3dulo de Inclus\u00e3o de Tributos): Perguntas Essenciais O sistema da M\u00f3dulos j\u00e1 est\u00e1 preparado para o MIT? Sim! A partir da vers\u00e3o 02.758, nosso sistema j\u00e1 est\u00e1 preparado para gera\u00e7\u00e3o [&hellip;]<\/p>\n","protected":false},"author":3,"featured_media":0,"comment_status":"closed","ping_status":"open","sticky":false,"template":"","format":"standard","meta":{"_jetpack_memberships_contains_paid_content":false,"footnotes":""},"categories":[31],"tags":[472],"class_list":["post-7076","post","type-post","status-publish","format-standard","hentry","category-escrita-fiscal","tag-mit"],"jetpack_featured_media_url":"","jetpack_sharing_enabled":true,"_links":{"self":[{"href":"https:\/\/grupomodulos.com.br\/centraldeajuda\/wp-json\/wp\/v2\/posts\/7076","targetHints":{"allow":["GET"]}}],"collection":[{"href":"https:\/\/grupomodulos.com.br\/centraldeajuda\/wp-json\/wp\/v2\/posts"}],"about":[{"href":"https:\/\/grupomodulos.com.br\/centraldeajuda\/wp-json\/wp\/v2\/types\/post"}],"author":[{"embeddable":true,"href":"https:\/\/grupomodulos.com.br\/centraldeajuda\/wp-json\/wp\/v2\/users\/3"}],"replies":[{"embeddable":true,"href":"https:\/\/grupomodulos.com.br\/centraldeajuda\/wp-json\/wp\/v2\/comments?post=7076"}],"version-history":[{"count":13,"href":"https:\/\/grupomodulos.com.br\/centraldeajuda\/wp-json\/wp\/v2\/posts\/7076\/revisions"}],"predecessor-version":[{"id":7106,"href":"https:\/\/grupomodulos.com.br\/centraldeajuda\/wp-json\/wp\/v2\/posts\/7076\/revisions\/7106"}],"wp:attachment":[{"href":"https:\/\/grupomodulos.com.br\/centraldeajuda\/wp-json\/wp\/v2\/media?parent=7076"}],"wp:term":[{"taxonomy":"category","embeddable":true,"href":"https:\/\/grupomodulos.com.br\/centraldeajuda\/wp-json\/wp\/v2\/categories?post=7076"},{"taxonomy":"post_tag","embeddable":true,"href":"https:\/\/grupomodulos.com.br\/centraldeajuda\/wp-json\/wp\/v2\/tags?post=7076"}],"curies":[{"name":"wp","href":"https:\/\/api.w.org\/{rel}","templated":true}]}}