{"id":6878,"date":"2023-03-20T09:48:01","date_gmt":"2023-03-20T12:48:01","guid":{"rendered":"https:\/\/grupomodulos.com.br\/centraldeajuda\/?p=6878"},"modified":"2024-01-30T12:22:32","modified_gmt":"2024-01-30T15:22:32","slug":"erro-403-leiaute-do-arquivo-invalido","status":"publish","type":"post","link":"https:\/\/grupomodulos.com.br\/centraldeajuda\/erro-403-leiaute-do-arquivo-invalido\/","title":{"rendered":"Erro 403: Leiaute do Arquivo Inv\u00e1lido"},"content":{"rendered":"\n<p><strong>Imagem do Erro<\/strong><\/p>\n\n\n\n<figure class=\"wp-block-image size-full\"><img loading=\"lazy\" decoding=\"async\" width=\"910\" height=\"170\" src=\"https:\/\/grupomodulos.com.br\/centraldeajuda\/wp-content\/uploads\/2023\/03\/Leiaute-Invalido.jpg\" alt=\"\" class=\"wp-image-6880\" srcset=\"https:\/\/grupomodulos.com.br\/centraldeajuda\/wp-content\/uploads\/2023\/03\/Leiaute-Invalido.jpg 910w, https:\/\/grupomodulos.com.br\/centraldeajuda\/wp-content\/uploads\/2023\/03\/Leiaute-Invalido-300x56.jpg 300w, https:\/\/grupomodulos.com.br\/centraldeajuda\/wp-content\/uploads\/2023\/03\/Leiaute-Invalido-768x143.jpg 768w, https:\/\/grupomodulos.com.br\/centraldeajuda\/wp-content\/uploads\/2023\/03\/Leiaute-Invalido-18x3.jpg 18w, https:\/\/grupomodulos.com.br\/centraldeajuda\/wp-content\/uploads\/2023\/03\/Leiaute-Invalido-720x135.jpg 720w\" sizes=\"auto, (max-width: 910px) 100vw, 910px\" \/><\/figure>\n\n\n\n<p><strong>Motivo do Erro<\/strong><\/p>\n\n\n\n<p>T\u00e9rmino do per\u00edodo de conviv\u00eancia entre as vers\u00f5es de Leiaute do eSocial. Antiga S-01.01 e atual S-01.02.<\/p>\n\n\n\n<p><strong>Solu\u00e7\u00e3o do Erro:<\/strong><\/p>\n\n\n\n<p>Acesse o sistema do eSocial e clique no \u00edcone \u201cCONFIGURA\u00c7\u00d5ES\u201d,e em seguida selecione o menu: \u201c<strong>CONFIGURA\u00c7\u00d5ES > COMPET\u00caNCIA\/EMPRESA<\/strong>\u201d em seguida localize o campo <strong>\u201cVers\u00e3o do Layout\u201d<\/strong> e selecione a <strong>vers\u00e3o 01.02 <\/strong>e clique no bot\u00e3o<strong> gravar<\/strong>. <\/p>\n\n\n\n<figure class=\"wp-block-image size-large\"><img loading=\"lazy\" decoding=\"async\" width=\"1024\" height=\"595\" src=\"https:\/\/grupomodulos.com.br\/centraldeajuda\/wp-content\/uploads\/2024\/01\/image-23-1024x595.png\" alt=\"\" class=\"wp-image-6970\" srcset=\"https:\/\/grupomodulos.com.br\/centraldeajuda\/wp-content\/uploads\/2024\/01\/image-23-1024x595.png 1024w, https:\/\/grupomodulos.com.br\/centraldeajuda\/wp-content\/uploads\/2024\/01\/image-23-300x174.png 300w, https:\/\/grupomodulos.com.br\/centraldeajuda\/wp-content\/uploads\/2024\/01\/image-23-768x446.png 768w, https:\/\/grupomodulos.com.br\/centraldeajuda\/wp-content\/uploads\/2024\/01\/image-23-18x10.png 18w, https:\/\/grupomodulos.com.br\/centraldeajuda\/wp-content\/uploads\/2024\/01\/image-23-720x418.png 720w, https:\/\/grupomodulos.com.br\/centraldeajuda\/wp-content\/uploads\/2024\/01\/image-23.png 1107w\" sizes=\"auto, (max-width: 1024px) 100vw, 1024px\" \/><\/figure>\n\n\n\n<p>Ap\u00f3s a altera\u00e7\u00e3o, realize o procedimento de gera\u00e7\u00e3o de arquivo novamente.<\/p>\n\n\n\n<p><\/p>\n","protected":false},"excerpt":{"rendered":"<p>Imagem do Erro Motivo do Erro T\u00e9rmino do per\u00edodo de conviv\u00eancia entre as vers\u00f5es de Leiaute do eSocial. Antiga S-01.01 e atual S-01.02. Solu\u00e7\u00e3o do Erro: Acesse o sistema do eSocial e clique no \u00edcone \u201cCONFIGURA\u00c7\u00d5ES\u201d,e em seguida selecione o menu: \u201cCONFIGURA\u00c7\u00d5ES > COMPET\u00caNCIA\/EMPRESA\u201d em seguida localize o campo \u201cVers\u00e3o do Layout\u201d e selecione a [&hellip;]<\/p>\n","protected":false},"author":3,"featured_media":0,"comment_status":"closed","ping_status":"open","sticky":false,"template":"","format":"standard","meta":{"_jetpack_memberships_contains_paid_content":false,"footnotes":""},"categories":[35],"tags":[464,453,451,452],"class_list":["post-6878","post","type-post","status-publish","format-standard","hentry","category-esocial","tag-01-02","tag-erro-403","tag-leiaute-do-arquivo-invalido","tag-versao-01-01"],"jetpack_featured_media_url":"","jetpack_sharing_enabled":true,"_links":{"self":[{"href":"https:\/\/grupomodulos.com.br\/centraldeajuda\/wp-json\/wp\/v2\/posts\/6878","targetHints":{"allow":["GET"]}}],"collection":[{"href":"https:\/\/grupomodulos.com.br\/centraldeajuda\/wp-json\/wp\/v2\/posts"}],"about":[{"href":"https:\/\/grupomodulos.com.br\/centraldeajuda\/wp-json\/wp\/v2\/types\/post"}],"author":[{"embeddable":true,"href":"https:\/\/grupomodulos.com.br\/centraldeajuda\/wp-json\/wp\/v2\/users\/3"}],"replies":[{"embeddable":true,"href":"https:\/\/grupomodulos.com.br\/centraldeajuda\/wp-json\/wp\/v2\/comments?post=6878"}],"version-history":[{"count":3,"href":"https:\/\/grupomodulos.com.br\/centraldeajuda\/wp-json\/wp\/v2\/posts\/6878\/revisions"}],"predecessor-version":[{"id":6972,"href":"https:\/\/grupomodulos.com.br\/centraldeajuda\/wp-json\/wp\/v2\/posts\/6878\/revisions\/6972"}],"wp:attachment":[{"href":"https:\/\/grupomodulos.com.br\/centraldeajuda\/wp-json\/wp\/v2\/media?parent=6878"}],"wp:term":[{"taxonomy":"category","embeddable":true,"href":"https:\/\/grupomodulos.com.br\/centraldeajuda\/wp-json\/wp\/v2\/categories?post=6878"},{"taxonomy":"post_tag","embeddable":true,"href":"https:\/\/grupomodulos.com.br\/centraldeajuda\/wp-json\/wp\/v2\/tags?post=6878"}],"curies":[{"name":"wp","href":"https:\/\/api.w.org\/{rel}","templated":true}]}}