{"id":6506,"date":"2021-11-11T14:18:36","date_gmt":"2021-11-11T17:18:36","guid":{"rendered":"https:\/\/grupomodulos.com.br\/centraldeajuda\/?p=6506"},"modified":"2021-11-11T14:18:37","modified_gmt":"2021-11-11T17:18:37","slug":"erro-1728-classificacao-tributaria-nao-permitida-a-mudanca-de-classificacao-tributaria-de-empregador-pessoa-juridica-somente-e-permitida-se-em-todo-o-periodo-de-validade-do-novo-evento-s-1000-as","status":"publish","type":"post","link":"https:\/\/grupomodulos.com.br\/centraldeajuda\/erro-1728-classificacao-tributaria-nao-permitida-a-mudanca-de-classificacao-tributaria-de-empregador-pessoa-juridica-somente-e-permitida-se-em-todo-o-periodo-de-validade-do-novo-evento-s-1000-as\/","title":{"rendered":"Erro &#8211; 1728 Classifica\u00e7\u00e3o tribut\u00e1ria n\u00e3o permitida. A mudan\u00e7a de classifica\u00e7\u00e3o tribut\u00e1ria de empregador Pessoa Jur\u00eddica somente \u00e9 permitida se, em todo o per\u00edodo de validade do novo evento S-1000, as folhas de pagamento estiverem abertas e n\u00e3o houver evento S-1200 a S-1280, S-2299 ou S-2399"},"content":{"rendered":"\n<p><strong>Imagem do Erro:<\/strong><\/p>\n\n\n\n<figure class=\"wp-block-image size-full\"><img loading=\"lazy\" decoding=\"async\" width=\"736\" height=\"141\" src=\"https:\/\/grupomodulos.com.br\/centraldeajuda\/wp-content\/uploads\/2021\/11\/Alterar-Classificacao-Tributaria-1.png\" alt=\"\" class=\"wp-image-6508\" srcset=\"https:\/\/grupomodulos.com.br\/centraldeajuda\/wp-content\/uploads\/2021\/11\/Alterar-Classificacao-Tributaria-1.png 736w, https:\/\/grupomodulos.com.br\/centraldeajuda\/wp-content\/uploads\/2021\/11\/Alterar-Classificacao-Tributaria-1-300x57.png 300w, https:\/\/grupomodulos.com.br\/centraldeajuda\/wp-content\/uploads\/2021\/11\/Alterar-Classificacao-Tributaria-1-18x3.png 18w, https:\/\/grupomodulos.com.br\/centraldeajuda\/wp-content\/uploads\/2021\/11\/Alterar-Classificacao-Tributaria-1-720x138.png 720w\" sizes=\"auto, (max-width: 736px) 100vw, 736px\" \/><figcaption><strong>Motivo do Erro:<\/strong><\/figcaption><\/figure>\n\n\n\n<p>O Portal do eSocial est\u00e1 exigindo a reabertura dos eventos peri\u00f3dicos e de desligamento para autorizar a altera\u00e7\u00e3o da classifica\u00e7\u00e3o tribut\u00e1ria.<\/p>\n\n\n\n<p><strong>Solu\u00e7\u00e3o do Erro:<\/strong><\/p>\n\n\n\n<p>Reabra a folha de pagamento Evento S-1299 de todos os meses enviados. Em seguida exclua o envio dos eventos S-1200 e S-1210. E exclua o envio dos eventos S-2299 de todos os meses envolvidos no per\u00edodo.<\/p>\n\n\n\n<p>Ap\u00f3s os procedimentos de exclus\u00f5es, realize o envio de altera\u00e7\u00e3o do evento S-1000 confira no portal de a classifica\u00e7\u00e3o tribut\u00e1ria est\u00e1 correta, e efetue o envio de todos os eventos exclu\u00eddos.<\/p>\n","protected":false},"excerpt":{"rendered":"<p>Imagem do Erro: O Portal do eSocial est\u00e1 exigindo a reabertura dos eventos peri\u00f3dicos e de desligamento para autorizar a altera\u00e7\u00e3o da classifica\u00e7\u00e3o tribut\u00e1ria. Solu\u00e7\u00e3o do Erro: Reabra a folha de pagamento Evento S-1299 de todos os meses enviados. Em seguida exclua o envio dos eventos S-1200 e S-1210. E exclua o envio dos eventos [&hellip;]<\/p>\n","protected":false},"author":3,"featured_media":0,"comment_status":"closed","ping_status":"closed","sticky":false,"template":"","format":"standard","meta":{"_jetpack_memberships_contains_paid_content":false,"footnotes":""},"categories":[35],"tags":[360,105],"class_list":["post-6506","post","type-post","status-publish","format-standard","hentry","category-esocial","tag-classificacao-tributaria","tag-s-1000"],"jetpack_featured_media_url":"","jetpack_sharing_enabled":true,"_links":{"self":[{"href":"https:\/\/grupomodulos.com.br\/centraldeajuda\/wp-json\/wp\/v2\/posts\/6506","targetHints":{"allow":["GET"]}}],"collection":[{"href":"https:\/\/grupomodulos.com.br\/centraldeajuda\/wp-json\/wp\/v2\/posts"}],"about":[{"href":"https:\/\/grupomodulos.com.br\/centraldeajuda\/wp-json\/wp\/v2\/types\/post"}],"author":[{"embeddable":true,"href":"https:\/\/grupomodulos.com.br\/centraldeajuda\/wp-json\/wp\/v2\/users\/3"}],"replies":[{"embeddable":true,"href":"https:\/\/grupomodulos.com.br\/centraldeajuda\/wp-json\/wp\/v2\/comments?post=6506"}],"version-history":[{"count":1,"href":"https:\/\/grupomodulos.com.br\/centraldeajuda\/wp-json\/wp\/v2\/posts\/6506\/revisions"}],"predecessor-version":[{"id":6509,"href":"https:\/\/grupomodulos.com.br\/centraldeajuda\/wp-json\/wp\/v2\/posts\/6506\/revisions\/6509"}],"wp:attachment":[{"href":"https:\/\/grupomodulos.com.br\/centraldeajuda\/wp-json\/wp\/v2\/media?parent=6506"}],"wp:term":[{"taxonomy":"category","embeddable":true,"href":"https:\/\/grupomodulos.com.br\/centraldeajuda\/wp-json\/wp\/v2\/categories?post=6506"},{"taxonomy":"post_tag","embeddable":true,"href":"https:\/\/grupomodulos.com.br\/centraldeajuda\/wp-json\/wp\/v2\/tags?post=6506"}],"curies":[{"name":"wp","href":"https:\/\/api.w.org\/{rel}","templated":true}]}}