{"id":6502,"date":"2021-11-11T11:58:55","date_gmt":"2021-11-11T14:58:55","guid":{"rendered":"https:\/\/grupomodulos.com.br\/centraldeajuda\/?p=6502"},"modified":"2022-03-14T09:14:28","modified_gmt":"2022-03-14T12:14:28","slug":"erro-conteudo-do-evento-invalido-o-envio-de-remuneracao-anual-so-e-permitido-a-partir-do-mes-de-dezembro-do-ano-corrente","status":"publish","type":"post","link":"https:\/\/grupomodulos.com.br\/centraldeajuda\/erro-conteudo-do-evento-invalido-o-envio-de-remuneracao-anual-so-e-permitido-a-partir-do-mes-de-dezembro-do-ano-corrente\/","title":{"rendered":"Erro Conte\u00fado do Evento Inv\u00e1lido. O envio de remunera\u00e7\u00e3o anual s\u00f3 \u00e9 permitido a partir do m\u00eas de dezembro do ano corrente."},"content":{"rendered":"\n<p><strong>Imagem do Erro:<\/strong><\/p>\n\n\n\n<figure class=\"wp-block-image size-full\"><img loading=\"lazy\" decoding=\"async\" width=\"581\" height=\"111\" src=\"https:\/\/grupomodulos.com.br\/centraldeajuda\/wp-content\/uploads\/2021\/11\/13o.png\" alt=\"\" class=\"wp-image-6503\" srcset=\"https:\/\/grupomodulos.com.br\/centraldeajuda\/wp-content\/uploads\/2021\/11\/13o.png 581w, https:\/\/grupomodulos.com.br\/centraldeajuda\/wp-content\/uploads\/2021\/11\/13o-300x57.png 300w, https:\/\/grupomodulos.com.br\/centraldeajuda\/wp-content\/uploads\/2021\/11\/13o-18x3.png 18w\" sizes=\"auto, (max-width: 581px) 100vw, 581px\" \/><figcaption><strong>Motivo do Erro:<\/strong><\/figcaption><\/figure>\n\n\n\n<p>Foi gerado c\u00e1lculo e pagamento do 13\u00ba sal\u00e1rio integral em meses anteriores a dezembro.<\/p>\n\n\n\n<p><strong>Solu\u00e7\u00e3o do Erro:<\/strong><\/p>\n\n\n\n<p>\u00c9 necess\u00e1rio ajustar o evento (rubrica) utilizado no c\u00e1lculo. Alterando o evento que possui natureza <strong>5001 13\u00ba Sal\u00e1rio<\/strong> (integral) por <strong>5504 13\u00ba sal\u00e1rio 1\u00aa Parcela<\/strong> (Adiantamento).<\/p>\n\n\n\n<p>Ap\u00f3s modificar as rubricas utilizadas nos c\u00e1lculos ser\u00e1 necess\u00e1rio reenviar os eventos S-1200 e S-1210 do m\u00eas do c\u00e1lculo e antes reabrir as folhas S-1299 dos meses envolvidos.<\/p>\n\n\n\n<p>No <a href=\"https:\/\/www.gov.br\/esocial\/pt-br\/documentacao-tecnica\/manuais\/mos-s-1-0-consolidada-ate-a-no-s-1-0-08-2021.pdf\">manual do eSocial<\/a> traz informa\u00e7\u00f5es de como proceder para estes casos na p\u00e1gina.<\/p>\n","protected":false},"excerpt":{"rendered":"<p>Imagem do Erro: Foi gerado c\u00e1lculo e pagamento do 13\u00ba sal\u00e1rio integral em meses anteriores a dezembro. Solu\u00e7\u00e3o do Erro: \u00c9 necess\u00e1rio ajustar o evento (rubrica) utilizado no c\u00e1lculo. Alterando o evento que possui natureza 5001 13\u00ba Sal\u00e1rio (integral) por 5504 13\u00ba sal\u00e1rio 1\u00aa Parcela (Adiantamento). Ap\u00f3s modificar as rubricas utilizadas nos c\u00e1lculos ser\u00e1 necess\u00e1rio [&hellip;]<\/p>\n","protected":false},"author":3,"featured_media":0,"comment_status":"closed","ping_status":"closed","sticky":false,"template":"","format":"standard","meta":{"_jetpack_memberships_contains_paid_content":false,"footnotes":""},"categories":[35],"tags":[358,359,92],"class_list":["post-6502","post","type-post","status-publish","format-standard","hentry","category-esocial","tag-ano-corrente","tag-remuneracao-anual","tag-s-1200"],"jetpack_featured_media_url":"","jetpack_sharing_enabled":true,"_links":{"self":[{"href":"https:\/\/grupomodulos.com.br\/centraldeajuda\/wp-json\/wp\/v2\/posts\/6502","targetHints":{"allow":["GET"]}}],"collection":[{"href":"https:\/\/grupomodulos.com.br\/centraldeajuda\/wp-json\/wp\/v2\/posts"}],"about":[{"href":"https:\/\/grupomodulos.com.br\/centraldeajuda\/wp-json\/wp\/v2\/types\/post"}],"author":[{"embeddable":true,"href":"https:\/\/grupomodulos.com.br\/centraldeajuda\/wp-json\/wp\/v2\/users\/3"}],"replies":[{"embeddable":true,"href":"https:\/\/grupomodulos.com.br\/centraldeajuda\/wp-json\/wp\/v2\/comments?post=6502"}],"version-history":[{"count":1,"href":"https:\/\/grupomodulos.com.br\/centraldeajuda\/wp-json\/wp\/v2\/posts\/6502\/revisions"}],"predecessor-version":[{"id":6504,"href":"https:\/\/grupomodulos.com.br\/centraldeajuda\/wp-json\/wp\/v2\/posts\/6502\/revisions\/6504"}],"wp:attachment":[{"href":"https:\/\/grupomodulos.com.br\/centraldeajuda\/wp-json\/wp\/v2\/media?parent=6502"}],"wp:term":[{"taxonomy":"category","embeddable":true,"href":"https:\/\/grupomodulos.com.br\/centraldeajuda\/wp-json\/wp\/v2\/categories?post=6502"},{"taxonomy":"post_tag","embeddable":true,"href":"https:\/\/grupomodulos.com.br\/centraldeajuda\/wp-json\/wp\/v2\/tags?post=6502"}],"curies":[{"name":"wp","href":"https:\/\/api.w.org\/{rel}","templated":true}]}}