{"id":6456,"date":"2021-10-19T12:14:35","date_gmt":"2021-10-19T15:14:35","guid":{"rendered":"https:\/\/grupomodulos.com.br\/centraldeajuda\/?p=6456"},"modified":"2021-10-19T12:14:36","modified_gmt":"2021-10-19T15:14:36","slug":"parametrizacao-de-empregados-horistas-calculo-mensal","status":"publish","type":"post","link":"https:\/\/grupomodulos.com.br\/centraldeajuda\/parametrizacao-de-empregados-horistas-calculo-mensal\/","title":{"rendered":"Parametriza\u00e7\u00e3o de Empregados Horistas \u2013 C\u00e1lculo mensal"},"content":{"rendered":"\n<p>O sistema pode efetuar o c\u00e1lculo do mensal para um trabalhador horista de forma autom\u00e1tica baseado na configura\u00e7\u00e3o do sistema.<\/p>\n\n\n\n<ul class=\"wp-block-list\"><li>\u201cHor\u00e1rio de Trabalho\u201d\u00a0\u2013 Caso no cadastro do funcion\u00e1rio seja informado o campo \u201cHor\u00e1rio\u201d (cadastrado previamente no menu ARQUIVOS > TABELAS > HOR\u00c1RIOS > PAR\u00c2METRO DE HOR\u00c1RIOS E TABELA DE HOR\u00c1RIOS), como por exemplo, de Seg a Sex das 08:00hrs as 17:00hrs com intervalo das 12:00 as 13:00 totalizar\u00e1 em um dia o total de 8 horas trabalhadas. O sistema ir\u00e1 gerar para horas trabalhadas \u201c8 horas x Dias \u00dateis\u201d e para as horas Dsr 7,3333 x Dias D.S.R. (Domingos + Feriados).<\/li><\/ul>\n\n\n\n<ul class=\"wp-block-list\"><li>\u201cHoras Mensais\u201d\u00a0\u2013 Se o usu\u00e1rio deseja que o sistema se baseie pelas horas mensais do cadastro e proporcionalize pelos dias \u00fateis e DSR ser\u00e1 necess\u00e1rio utilizar o par\u00e2metro 2.16 como \u201cSim\u201d em combina\u00e7\u00e3o com o par\u00e2metro 2.24 na op\u00e7\u00e3o : &#8220;Dias do M\u00eas x Horas do Dia&#8221;. O menu par\u00e2metros \u00e9 acessado em <strong>ARQUIVOS > PAR\u00c2METROS<\/strong>.<\/li><li>Dessa maneira o sistema efetuar\u00e1 a seguinte propor\u00e7\u00e3o em um exemplo de 220 horas mensais: (220 \/ 30) x dias \u00fateis e (220 \/ 30) x dias DSR.<\/li><\/ul>\n\n\n\n<p>Caso o c\u00e1lculo n\u00e3o ocorra como o esperado, pedimos que entre em contato com nosso Suporte T\u00e9cnico.<\/p>\n","protected":false},"excerpt":{"rendered":"<p>O sistema pode efetuar o c\u00e1lculo do mensal para um trabalhador horista de forma autom\u00e1tica baseado na configura\u00e7\u00e3o do sistema. \u201cHor\u00e1rio de Trabalho\u201d\u00a0\u2013 Caso no cadastro do funcion\u00e1rio seja informado o campo \u201cHor\u00e1rio\u201d (cadastrado previamente no menu ARQUIVOS > TABELAS > HOR\u00c1RIOS > PAR\u00c2METRO DE HOR\u00c1RIOS E TABELA DE HOR\u00c1RIOS), como por exemplo, de Seg [&hellip;]<\/p>\n","protected":false},"author":3,"featured_media":0,"comment_status":"closed","ping_status":"closed","sticky":false,"template":"","format":"standard","meta":{"_jetpack_memberships_contains_paid_content":false,"footnotes":""},"categories":[30],"tags":[330],"class_list":["post-6456","post","type-post","status-publish","format-standard","hentry","category-folha-de-pagamento","tag-horistas"],"jetpack_featured_media_url":"","jetpack_sharing_enabled":true,"_links":{"self":[{"href":"https:\/\/grupomodulos.com.br\/centraldeajuda\/wp-json\/wp\/v2\/posts\/6456","targetHints":{"allow":["GET"]}}],"collection":[{"href":"https:\/\/grupomodulos.com.br\/centraldeajuda\/wp-json\/wp\/v2\/posts"}],"about":[{"href":"https:\/\/grupomodulos.com.br\/centraldeajuda\/wp-json\/wp\/v2\/types\/post"}],"author":[{"embeddable":true,"href":"https:\/\/grupomodulos.com.br\/centraldeajuda\/wp-json\/wp\/v2\/users\/3"}],"replies":[{"embeddable":true,"href":"https:\/\/grupomodulos.com.br\/centraldeajuda\/wp-json\/wp\/v2\/comments?post=6456"}],"version-history":[{"count":1,"href":"https:\/\/grupomodulos.com.br\/centraldeajuda\/wp-json\/wp\/v2\/posts\/6456\/revisions"}],"predecessor-version":[{"id":6457,"href":"https:\/\/grupomodulos.com.br\/centraldeajuda\/wp-json\/wp\/v2\/posts\/6456\/revisions\/6457"}],"wp:attachment":[{"href":"https:\/\/grupomodulos.com.br\/centraldeajuda\/wp-json\/wp\/v2\/media?parent=6456"}],"wp:term":[{"taxonomy":"category","embeddable":true,"href":"https:\/\/grupomodulos.com.br\/centraldeajuda\/wp-json\/wp\/v2\/categories?post=6456"},{"taxonomy":"post_tag","embeddable":true,"href":"https:\/\/grupomodulos.com.br\/centraldeajuda\/wp-json\/wp\/v2\/tags?post=6456"}],"curies":[{"name":"wp","href":"https:\/\/api.w.org\/{rel}","templated":true}]}}