{"id":5530,"date":"2021-09-09T16:58:44","date_gmt":"2021-09-09T19:58:44","guid":{"rendered":"https:\/\/grupomodulos.com.br\/centraldeajuda\/?p=5530"},"modified":"2022-05-03T09:59:47","modified_gmt":"2022-05-03T12:59:47","slug":"sped-ecf-erro-no-caso-de-imunes-isentas-sem-ecd-e-obrigatoria-a-assinatura-de-um-representante-legal-nos-demais-casos-e-obrigatoria-a-assinatura-de-um-contador-e-de-um-representante-legal-como-s","status":"publish","type":"post","link":"https:\/\/grupomodulos.com.br\/centraldeajuda\/sped-ecf-erro-no-caso-de-imunes-isentas-sem-ecd-e-obrigatoria-a-assinatura-de-um-representante-legal-nos-demais-casos-e-obrigatoria-a-assinatura-de-um-contador-e-de-um-representante-legal-como-s\/","title":{"rendered":"SPED ECF &#8211; ERRO: No caso de imunes\/isentas sem ECD, \u00e9 obrigat\u00f3ria a assinatura de um representante legal. Nos demais casos, \u00e9 obrigat\u00f3ria a assinatura de um contador e de um representante legal como signat\u00e1rios da ECF."},"content":{"rendered":"\n<p><strong><u>Como ajustar o signat\u00e1rio da ECF&nbsp;&nbsp; &#8211; Registro 0930<\/u><\/strong><strong><\/strong><\/p>\n\n\n\n<figure class=\"wp-block-image size-full is-style-default\"><img loading=\"lazy\" decoding=\"async\" width=\"1075\" height=\"124\" src=\"https:\/\/grupomodulos.com.br\/centraldeajuda\/wp-content\/uploads\/2021\/09\/0006.png\" alt=\"\" class=\"wp-image-5531\"\/><\/figure>\n\n\n\n<p><strong>Signat\u00e1rio da ECF \/ Assinatura da ECF<\/strong><\/p>\n\n\n\n<p>S\u00e3o obrigat\u00f3rias duas assinaturas: uma do contabilista e uma da pessoa jur\u00eddica. Para a assinatura do contabilista s\u00f3 podem ser utilizados certificados digitais de pessoa f\u00edsica (e-CPF), do tipo A1 ou A3. Para a assinatura da pessoa jur\u00eddica (representante legal), poder\u00e1 ser utilizado certificado digital v\u00e1lido, do tipo A1 ou A3:<\/p>\n\n\n\n<p><strong>Observa\u00e7\u00e3o:<\/strong> para as empresas imunes\/isentas que n\u00e3o estejam obrigadas a entregar a ECD, s\u00f3 ser\u00e1 exigida a assinatura do representante legal; ou seja, n\u00e3o ser\u00e1 obrigat\u00f3ria a assinatura do contador.<\/p>\n\n\n\n<p><strong>Assinatura da Pessoa Jur\u00eddica:<\/strong><\/p>\n\n\n\n<p>Somente um s\u00f3cio poder\u00e1 ser respons\u00e1vel pela assinatura da escritura\u00e7\u00e3o. Para cadastrar o signat\u00e1rio da ECF, siga o passo a passo abaixo:<\/p>\n\n\n\n<ol class=\"wp-block-list\" type=\"1\"><li>Acesse o sistema PxCont\u00e1bil;<\/li><li>Arquivos > S\u00f3cios \u2013 Selecione o s\u00f3cio que ser\u00e1 respons\u00e1vel pela assinatura clicando no atalho <img loading=\"lazy\" decoding=\"async\" width=\"30\" height=\"30\" class=\"wp-image-5532\" style=\"width: 30px;\" src=\"https:\/\/grupomodulos.com.br\/centraldeajuda\/wp-content\/uploads\/2021\/09\/0007.png\" alt=\"\">; Ou crie o cadastro de um novo s\u00f3cio respons\u00e1vel; Preenchendo os seguintes campos (Nome\/Qualifica\u00e7\u00e3o ECF\/Qualific. Assinante\/CPF\/Telefone com DDD e E-mail):<\/li><\/ol>\n\n\n\n<figure class=\"wp-block-image size-full is-style-default\"><img loading=\"lazy\" decoding=\"async\" width=\"830\" height=\"593\" src=\"https:\/\/grupomodulos.com.br\/centraldeajuda\/wp-content\/uploads\/2021\/09\/0008.png\" alt=\"\" class=\"wp-image-5533\"\/><\/figure>\n\n\n\n<p><strong>Assinatura do Contador\/Contabilista<\/strong><\/p>\n\n\n\n<p>Para as empresas que possuem a obrigatoriedade da assinatura do contador, para cadastrar o contador os passos s\u00e3o os seguintes:<\/p>\n\n\n\n<ol class=\"wp-block-list\" type=\"1\"><li>Arquivos &gt; Contadores;<\/li><li>Preencher os campos Nome\/CPF\/CRC \u2013 UF \/ DDD Fone \/ E-mail e Certificado Digital; (Conforme imagem)<\/li><\/ol>\n\n\n\n<figure class=\"wp-block-image size-full is-style-default\"><img loading=\"lazy\" decoding=\"async\" width=\"857\" height=\"443\" src=\"https:\/\/grupomodulos.com.br\/centraldeajuda\/wp-content\/uploads\/2021\/09\/0009.png\" alt=\"\" class=\"wp-image-5534\"\/><\/figure>\n\n\n\n<ul class=\"wp-block-list\"><li>No Cadastro da empresa em <strong>Arquivos &gt; Empresas<\/strong>, na aba Contabilidade preencher o campo \u201cContador\u201d com os dados do contador cadastrado anteriormente;<\/li><\/ul>\n\n\n\n<figure class=\"wp-block-image size-full is-style-default\"><img loading=\"lazy\" decoding=\"async\" width=\"330\" height=\"239\" src=\"https:\/\/grupomodulos.com.br\/centraldeajuda\/wp-content\/uploads\/2021\/09\/0010.png\" alt=\"\" class=\"wp-image-5535\"\/><\/figure>\n\n\n\n<figure class=\"wp-block-image size-full is-style-default\"><img loading=\"lazy\" decoding=\"async\" width=\"1011\" height=\"622\" src=\"https:\/\/grupomodulos.com.br\/centraldeajuda\/wp-content\/uploads\/2021\/09\/0011.png\" alt=\"\" class=\"wp-image-5536\"\/><\/figure>\n","protected":false},"excerpt":{"rendered":"<p>Como ajustar o signat\u00e1rio da ECF&nbsp;&nbsp; &#8211; Registro 0930 Signat\u00e1rio da ECF \/ Assinatura da ECF S\u00e3o obrigat\u00f3rias duas assinaturas: uma do contabilista e uma da pessoa jur\u00eddica. Para a assinatura do contabilista s\u00f3 podem ser utilizados certificados digitais de pessoa f\u00edsica (e-CPF), do tipo A1 ou A3. Para a assinatura da pessoa jur\u00eddica (representante [&hellip;]<\/p>\n","protected":false},"author":1,"featured_media":0,"comment_status":"closed","ping_status":"closed","sticky":false,"template":"","format":"standard","meta":{"_jetpack_memberships_contains_paid_content":false,"footnotes":""},"categories":[32,81],"tags":[43,82],"class_list":["post-5530","post","type-post","status-publish","format-standard","hentry","category-contabilidade","category-sped-ecf","tag-erro","tag-sped-ecf"],"jetpack_featured_media_url":"","jetpack_sharing_enabled":true,"_links":{"self":[{"href":"https:\/\/grupomodulos.com.br\/centraldeajuda\/wp-json\/wp\/v2\/posts\/5530","targetHints":{"allow":["GET"]}}],"collection":[{"href":"https:\/\/grupomodulos.com.br\/centraldeajuda\/wp-json\/wp\/v2\/posts"}],"about":[{"href":"https:\/\/grupomodulos.com.br\/centraldeajuda\/wp-json\/wp\/v2\/types\/post"}],"author":[{"embeddable":true,"href":"https:\/\/grupomodulos.com.br\/centraldeajuda\/wp-json\/wp\/v2\/users\/1"}],"replies":[{"embeddable":true,"href":"https:\/\/grupomodulos.com.br\/centraldeajuda\/wp-json\/wp\/v2\/comments?post=5530"}],"version-history":[{"count":1,"href":"https:\/\/grupomodulos.com.br\/centraldeajuda\/wp-json\/wp\/v2\/posts\/5530\/revisions"}],"predecessor-version":[{"id":5537,"href":"https:\/\/grupomodulos.com.br\/centraldeajuda\/wp-json\/wp\/v2\/posts\/5530\/revisions\/5537"}],"wp:attachment":[{"href":"https:\/\/grupomodulos.com.br\/centraldeajuda\/wp-json\/wp\/v2\/media?parent=5530"}],"wp:term":[{"taxonomy":"category","embeddable":true,"href":"https:\/\/grupomodulos.com.br\/centraldeajuda\/wp-json\/wp\/v2\/categories?post=5530"},{"taxonomy":"post_tag","embeddable":true,"href":"https:\/\/grupomodulos.com.br\/centraldeajuda\/wp-json\/wp\/v2\/tags?post=5530"}],"curies":[{"name":"wp","href":"https:\/\/api.w.org\/{rel}","templated":true}]}}